{"id":19273,"date":"2023-11-13T21:27:50","date_gmt":"2023-11-13T20:27:50","guid":{"rendered":"https:\/\/bahnwelt.de\/geen-onderdeel-van-een-categorie\/s-bahn-treinstel-et-476-033-6-vertrokken-naar-dresden-niederau\/"},"modified":"2023-11-14T08:55:35","modified_gmt":"2023-11-14T07:55:35","slug":"s-bahn-treinstel-et-476-033-6-vertrokken-naar-dresden-niederau","status":"publish","type":"post","link":"https:\/\/bahnwelt.de\/nl\/nieuws\/nieuws-over-onze-tentoonstellingen\/s-bahn-treinstel-et-476-033-6-vertrokken-naar-dresden-niederau\/","title":{"rendered":"S-Bahn treinstel ET 476 033-6 vertrokken naar Dresden Niederau"},"content":{"rendered":"\t\t<div data-elementor-type=\"wp-post\" data-elementor-id=\"19273\" class=\"elementor elementor-19273 elementor-19233\" data-elementor-post-type=\"post\">\n\t\t\t\t\t\t<section class=\"elementor-section elementor-top-section elementor-element elementor-element-648154a elementor-section-boxed elementor-section-height-default elementor-section-height-default\" data-id=\"648154a\" data-element_type=\"section\" data-e-type=\"section\">\n\t\t\t\t\t\t<div class=\"elementor-container elementor-column-gap-default\">\n\t\t\t\t\t<div class=\"elementor-column elementor-col-50 elementor-top-column elementor-element elementor-element-9b3cccd\" data-id=\"9b3cccd\" data-element_type=\"column\" data-e-type=\"column\">\n\t\t\t<div class=\"elementor-widget-wrap elementor-element-populated\">\n\t\t\t\t\t\t<div class=\"elementor-element elementor-element-713d6b7 elementor-widget elementor-widget-image\" data-id=\"713d6b7\" data-element_type=\"widget\" data-e-type=\"widget\" data-widget_type=\"image.default\">\n\t\t\t\t<div class=\"elementor-widget-container\">\n\t\t\t\t\t\t\t\t\t\t\t\t<figure class=\"wp-caption\">\n\t\t\t\t\t\t\t\t\t\t<img fetchpriority=\"high\" decoding=\"async\" width=\"577\" height=\"1024\" src=\"https:\/\/bahnwelt.de\/wp-content\/uploads\/2023\/11\/S-Bahn_Abholung_1-577x1024.jpg\" class=\"attachment-large size-large wp-image-19235\" alt=\"\" srcset=\"https:\/\/bahnwelt.de\/wp-content\/uploads\/2023\/11\/S-Bahn_Abholung_1-577x1024.jpg 577w, https:\/\/bahnwelt.de\/wp-content\/uploads\/2023\/11\/S-Bahn_Abholung_1-169x300.jpg 169w, https:\/\/bahnwelt.de\/wp-content\/uploads\/2023\/11\/S-Bahn_Abholung_1-768x1364.jpg 768w, https:\/\/bahnwelt.de\/wp-content\/uploads\/2023\/11\/S-Bahn_Abholung_1-865x1536.jpg 865w, https:\/\/bahnwelt.de\/wp-content\/uploads\/2023\/11\/S-Bahn_Abholung_1.jpg 901w\" sizes=\"(max-width: 577px) 100vw, 577px\" \/>\t\t\t\t\t\t\t\t\t\t\t<figcaption class=\"widget-image-caption wp-caption-text\">De weduwe van de vorige eigenaar, mevrouw Cornelia Schmidt, neemt op maandag 6 november 2023 afscheid van het treinstel van het museum. (van links naar rechts: Stephan Heldmann, 2e voorzitter van de Museumsbahn e. V.; Cornelia Schmidt en Dennis Gransee, een van de twee nieuwe eigenaren)<\/figcaption>\n\t\t\t\t\t\t\t\t\t\t<\/figure>\n\t\t\t\t\t\t\t\t\t<\/div>\n\t\t\t\t<\/div>\n\t\t\t\t\t<\/div>\n\t\t<\/div>\n\t\t\t\t<div class=\"elementor-column elementor-col-50 elementor-top-column elementor-element elementor-element-14bdfc1\" data-id=\"14bdfc1\" data-element_type=\"column\" data-e-type=\"column\">\n\t\t\t<div class=\"elementor-widget-wrap elementor-element-populated\">\n\t\t\t\t\t\t<div class=\"elementor-element elementor-element-1bd9ff4 elementor-widget elementor-widget-text-editor\" data-id=\"1bd9ff4\" data-element_type=\"widget\" data-e-type=\"widget\" data-widget_type=\"text-editor.default\">\n\t\t\t\t<div class=\"elementor-widget-container\">\n\t\t\t\t\t\t\t\t\t<p><strong>Museumvoertuig heeft nieuwe eigenaars in Saksen<\/strong><\/p>\n<p>Op 6 november vertrok het S-Bahn treinstel ET 476 033-6, gebouwd in 1928, op zijn laatste reis naar Saksen met voorlopig zijn nieuwe eigenaars. Het S-Bahn treinstel, dat al bijna 20 jaar in het spoorwegmuseum in Darmstadt stond, was rond de millenniumwisseling in Darmstadt aangekomen met een originele middenbufferwagen. Daarvoor had het voertuig nieuwe stoelbekleding gekregen en zelfs twee houten coup\u00e9s, zoals de toenmalige eigenaar had gespecificeerd. Dit waren allemaal originele onderdelen uit de werkplaatsen van de Berlijnse S-Bahn. Als onderdeel van de voortdurende verkenning en focus van de voertuigcollectie van het museum werd besloten om het voertuig te verkopen. Er werden snel kopers gevonden die zich er contractueel toe verbonden het voertuig in zijn oorspronkelijke staat te houden voor het museum. Dit was een voorwaarde voor de verkoop uit de museumcollectie.<\/p>\n<p>De nieuwe eigenaren, de heer Gransee en de heer Sachs, zullen het treinstel in eerste instantie in Dresden Niederau op een gehuurd en bewaakt zijspoor naast andere historische S-Bahn treinstellen parkeren. Het voertuig heeft dus een veilig thuis gevonden naast zijn soortgenoten. Het is de bedoeling om het voertuig na een nieuwe lakbeurt tentoon te stellen in Berlijn ter gelegenheid van het honderdjarig bestaan van de Berlijnse S-Bahn in 2024 of het 100-jarig bestaan van het treinstel in 2028.<\/p>\n<p>De vorige eigenaar, Armin Schmidt, die inmiddels helaas is overleden en zelf een S-Bahn liefhebber was, had zelfs een boek geschreven over &#8220;zijn treinstel&#8221;.<\/p>\n<p>Het rijtuig werd gerestaureerd en overgebracht door collega&#8217;s van de Pressnitztalbahn, die vorig jaar al een 44 tender uit Kranichstein hadden opgehaald.<\/p>\n\t\t\t\t\t\t\t\t<\/div>\n\t\t\t\t<\/div>\n\t\t\t\t\t<\/div>\n\t\t<\/div>\n\t\t\t\t\t<\/div>\n\t\t<\/section>\n\t\t\t\t<section class=\"elementor-section elementor-top-section elementor-element elementor-element-2522464 elementor-section-boxed elementor-section-height-default elementor-section-height-default\" data-id=\"2522464\" data-element_type=\"section\" data-e-type=\"section\">\n\t\t\t\t\t\t<div class=\"elementor-container elementor-column-gap-default\">\n\t\t\t\t\t<div class=\"elementor-column elementor-col-100 elementor-top-column elementor-element elementor-element-f919a9d\" data-id=\"f919a9d\" data-element_type=\"column\" data-e-type=\"column\">\n\t\t\t<div class=\"elementor-widget-wrap elementor-element-populated\">\n\t\t\t\t\t\t<div class=\"elementor-element elementor-element-6b97406 elementor-widget elementor-widget-gallery\" data-id=\"6b97406\" data-element_type=\"widget\" data-e-type=\"widget\" data-settings=\"{&quot;columns&quot;:3,&quot;gallery_layout&quot;:&quot;grid&quot;,&quot;columns_tablet&quot;:2,&quot;columns_mobile&quot;:1,&quot;gap&quot;:{&quot;unit&quot;:&quot;px&quot;,&quot;size&quot;:10,&quot;sizes&quot;:[]},&quot;gap_tablet&quot;:{&quot;unit&quot;:&quot;px&quot;,&quot;size&quot;:10,&quot;sizes&quot;:[]},&quot;gap_mobile&quot;:{&quot;unit&quot;:&quot;px&quot;,&quot;size&quot;:10,&quot;sizes&quot;:[]},&quot;link_to&quot;:&quot;file&quot;,&quot;aspect_ratio&quot;:&quot;3:2&quot;,&quot;overlay_background&quot;:&quot;yes&quot;,&quot;content_hover_animation&quot;:&quot;fade-in&quot;}\" data-widget_type=\"gallery.default\">\n\t\t\t\t<div class=\"elementor-widget-container\">\n\t\t\t\t\t\t\t<div class=\"elementor-gallery__container\">\n\t\t\t\t\t\t\t<a class=\"e-gallery-item elementor-gallery-item elementor-animated-content\" href=\"https:\/\/bahnwelt.de\/wp-content\/uploads\/2023\/11\/S-Bahn_Abholung_2.jpg\" data-elementor-open-lightbox=\"yes\" data-elementor-lightbox-slideshow=\"6b97406\" data-elementor-lightbox-description=\"476 033-6 bereit zur Abholung auf dem Museumsgel\u00e4nde. Dem Regenbogen nach zu urteilen, scheint der Transport unter einem guten Zeichen zu stehen.\" data-e-action-hash=\"#elementor-action%3Aaction%3Dlightbox%26settings%3DeyJpZCI6MTkyMzcsInVybCI6Imh0dHBzOlwvXC9iYWhud2VsdC5kZVwvd3AtY29udGVudFwvdXBsb2Fkc1wvMjAyM1wvMTFcL1MtQmFobl9BYmhvbHVuZ18yLmpwZyIsInNsaWRlc2hvdyI6IjZiOTc0MDYifQ%3D%3D\">\n\t\t\t\t\t<div class=\"e-gallery-image elementor-gallery-item__image\" data-thumbnail=\"https:\/\/bahnwelt.de\/wp-content\/uploads\/2023\/11\/S-Bahn_Abholung_2-1024x577.jpg\" data-width=\"1024\" data-height=\"577\" aria-label=\"\" role=\"img\" ><\/div>\n\t\t\t\t\t\t\t\t\t\t\t<div class=\"elementor-gallery-item__overlay\"><\/div>\n\t\t\t\t\t\t\t\t\t\t\t\t\t\t<\/a>\n\t\t\t\t\t\t\t<a class=\"e-gallery-item elementor-gallery-item elementor-animated-content\" href=\"https:\/\/bahnwelt.de\/wp-content\/uploads\/2023\/11\/S-Bahn_Abholung_3.jpg\" data-elementor-open-lightbox=\"yes\" data-elementor-lightbox-slideshow=\"6b97406\" data-elementor-lightbox-description=\"Der \u00dcberf\u00fchrungszug der Pressnitztalbahn ist in Darmstadt-Kranichstein angekommen.\" data-e-action-hash=\"#elementor-action%3Aaction%3Dlightbox%26settings%3DeyJpZCI6MTkyNDAsInVybCI6Imh0dHBzOlwvXC9iYWhud2VsdC5kZVwvd3AtY29udGVudFwvdXBsb2Fkc1wvMjAyM1wvMTFcL1MtQmFobl9BYmhvbHVuZ18zLmpwZyIsInNsaWRlc2hvdyI6IjZiOTc0MDYifQ%3D%3D\">\n\t\t\t\t\t<div class=\"e-gallery-image elementor-gallery-item__image\" data-thumbnail=\"https:\/\/bahnwelt.de\/wp-content\/uploads\/2023\/11\/S-Bahn_Abholung_3-1024x577.jpg\" data-width=\"1024\" data-height=\"577\" aria-label=\"\" role=\"img\" ><\/div>\n\t\t\t\t\t\t\t\t\t\t\t<div class=\"elementor-gallery-item__overlay\"><\/div>\n\t\t\t\t\t\t\t\t\t\t\t\t\t\t<\/a>\n\t\t\t\t\t\t\t<a class=\"e-gallery-item elementor-gallery-item elementor-animated-content\" href=\"https:\/\/bahnwelt.de\/wp-content\/uploads\/2019\/01\/S-Bahn_Abholung_4.jpg\" data-elementor-open-lightbox=\"yes\" data-elementor-lightbox-slideshow=\"6b97406\" data-elementor-lightbox-description=\"Auch bereits historisch: Die Zuglok 112 565.\" data-e-action-hash=\"#elementor-action%3Aaction%3Dlightbox%26settings%3DeyJpZCI6MTkyNDQsInVybCI6Imh0dHBzOlwvXC9iYWhud2VsdC5kZVwvd3AtY29udGVudFwvdXBsb2Fkc1wvMjAxOVwvMDFcL1MtQmFobl9BYmhvbHVuZ180LmpwZyIsInNsaWRlc2hvdyI6IjZiOTc0MDYifQ%3D%3D\">\n\t\t\t\t\t<div class=\"e-gallery-image elementor-gallery-item__image\" data-thumbnail=\"https:\/\/bahnwelt.de\/wp-content\/uploads\/2019\/01\/S-Bahn_Abholung_4-1024x768.jpg\" data-width=\"1024\" data-height=\"768\" aria-label=\"\" role=\"img\" ><\/div>\n\t\t\t\t\t\t\t\t\t\t\t<div class=\"elementor-gallery-item__overlay\"><\/div>\n\t\t\t\t\t\t\t\t\t\t\t\t\t\t<\/a>\n\t\t\t\t\t\t\t<a class=\"e-gallery-item elementor-gallery-item elementor-animated-content\" href=\"https:\/\/bahnwelt.de\/wp-content\/uploads\/2019\/01\/S-Bahn_Abholung_7-scaled.jpg\" data-elementor-open-lightbox=\"yes\" data-elementor-lightbox-slideshow=\"6b97406\" data-elementor-lightbox-description=\"Ein letzter Blick in den Fahrgastraum der S-Bahn, dessen Abteile in verschiedenen Varianten gestaltet wurden, um die Entwicklung des Sitzkomforts zu demonstrieren.\" data-e-action-hash=\"#elementor-action%3Aaction%3Dlightbox%26settings%3DeyJpZCI6MTkyODEsInVybCI6Imh0dHBzOlwvXC9iYWhud2VsdC5kZVwvd3AtY29udGVudFwvdXBsb2Fkc1wvMjAxOVwvMDFcL1MtQmFobl9BYmhvbHVuZ183LXNjYWxlZC5qcGciLCJzbGlkZXNob3ciOiI2Yjk3NDA2In0%3D\">\n\t\t\t\t\t<div class=\"e-gallery-image elementor-gallery-item__image\" data-thumbnail=\"https:\/\/bahnwelt.de\/wp-content\/uploads\/2019\/01\/S-Bahn_Abholung_7-1024x768.jpg\" data-width=\"1024\" data-height=\"768\" aria-label=\"\" role=\"img\" ><\/div>\n\t\t\t\t\t\t\t\t\t\t\t<div class=\"elementor-gallery-item__overlay\"><\/div>\n\t\t\t\t\t\t\t\t\t\t\t\t\t\t<\/a>\n\t\t\t\t\t\t\t<a class=\"e-gallery-item elementor-gallery-item elementor-animated-content\" href=\"https:\/\/bahnwelt.de\/wp-content\/uploads\/2019\/01\/S-Bahn_Abholung_6.jpg\" data-elementor-open-lightbox=\"yes\" data-elementor-lightbox-slideshow=\"6b97406\" data-elementor-lightbox-description=\"Blick aus dem Fahrstand. Dennis Gransee lie\u00df es sich nicht nehmen, die Fahrt nach Dresden von hier aus mitzuerleben. Fast scheint es, als f\u00fchre die S-Bahn selbstst\u00e4ndig ins neue Domizil.\" data-e-action-hash=\"#elementor-action%3Aaction%3Dlightbox%26settings%3DeyJpZCI6MTkyNzgsInVybCI6Imh0dHBzOlwvXC9iYWhud2VsdC5kZVwvd3AtY29udGVudFwvdXBsb2Fkc1wvMjAxOVwvMDFcL1MtQmFobl9BYmhvbHVuZ182LmpwZyIsInNsaWRlc2hvdyI6IjZiOTc0MDYifQ%3D%3D\">\n\t\t\t\t\t<div class=\"e-gallery-image elementor-gallery-item__image\" data-thumbnail=\"https:\/\/bahnwelt.de\/wp-content\/uploads\/2019\/01\/S-Bahn_Abholung_6-1024x768.jpg\" data-width=\"1024\" data-height=\"768\" aria-label=\"\" role=\"img\" ><\/div>\n\t\t\t\t\t\t\t\t\t\t\t<div class=\"elementor-gallery-item__overlay\"><\/div>\n\t\t\t\t\t\t\t\t\t\t\t\t\t\t<\/a>\n\t\t\t\t\t\t\t<a class=\"e-gallery-item elementor-gallery-item elementor-animated-content\" href=\"https:\/\/bahnwelt.de\/wp-content\/uploads\/2019\/01\/S-Bahn_Abholung_5.jpg\" data-elementor-open-lightbox=\"yes\" data-elementor-lightbox-slideshow=\"6b97406\" data-elementor-lightbox-description=\"Kurzer Zwischenhalt. Zwischen zwei Bremswagen mit Adapter-Kupplung wurde 476 033 in seine neue Heimat transportiert.\" data-e-action-hash=\"#elementor-action%3Aaction%3Dlightbox%26settings%3DeyJpZCI6MTkyNzUsInVybCI6Imh0dHBzOlwvXC9iYWhud2VsdC5kZVwvd3AtY29udGVudFwvdXBsb2Fkc1wvMjAxOVwvMDFcL1MtQmFobl9BYmhvbHVuZ181LmpwZyIsInNsaWRlc2hvdyI6IjZiOTc0MDYifQ%3D%3D\">\n\t\t\t\t\t<div class=\"e-gallery-image elementor-gallery-item__image\" data-thumbnail=\"https:\/\/bahnwelt.de\/wp-content\/uploads\/2019\/01\/S-Bahn_Abholung_5-1024x768.jpg\" data-width=\"1024\" data-height=\"768\" aria-label=\"\" role=\"img\" ><\/div>\n\t\t\t\t\t\t\t\t\t\t\t<div class=\"elementor-gallery-item__overlay\"><\/div>\n\t\t\t\t\t\t\t\t\t\t\t\t\t\t<\/a>\n\t\t\t\t\t<\/div>\n\t\t\t\t\t<\/div>\n\t\t\t\t<\/div>\n\t\t\t\t<div class=\"elementor-element elementor-element-c61edbb elementor-widget elementor-widget-text-editor\" data-id=\"c61edbb\" data-element_type=\"widget\" data-e-type=\"widget\" data-widget_type=\"text-editor.default\">\n\t\t\t\t<div class=\"elementor-widget-container\">\n\t\t\t\t\t\t\t\t\t<p>Picture credits: Bahnwelt Darmstadt-Kranichstein, Dennis Gransee<\/p>\n\t\t\t\t\t\t\t\t<\/div>\n\t\t\t\t<\/div>\n\t\t\t\t\t<\/div>\n\t\t<\/div>\n\t\t\t\t\t<\/div>\n\t\t<\/section>\n\t\t\t\t<\/div>\n\t\t","protected":false},"excerpt":{"rendered":"<p>De weduwe van de vorige eigenaar, mevrouw Cornelia Schmidt, neemt op maandag 6 november 2023 afscheid van het treinstel van het museum. (van links naar rechts: Stephan Heldmann, 2e voorzitter van de Museumsbahn e. V.; Cornelia Schmidt en Dennis Gransee, een van de twee nieuwe eigenaren) Museumvoertuig heeft nieuwe eigenaars in Saksen Op 6 november [&hellip;]<\/p>\n","protected":false},"author":5,"featured_media":19238,"comment_status":"closed","ping_status":"closed","sticky":false,"template":"","format":"standard","meta":{"_acf_changed":false,"_monsterinsights_skip_tracking":false,"_monsterinsights_sitenote_active":false,"_monsterinsights_sitenote_note":"","_monsterinsights_sitenote_category":0,"footnotes":""},"categories":[321],"tags":[],"class_list":["post-19273","post","type-post","status-publish","format-standard","has-post-thumbnail","hentry","category-nieuws-over-onze-tentoonstellingen"],"acf":[],"publishpress_future_action":{"enabled":false,"date":"2026-05-09 12:37:05","action":"change-status","newStatus":"draft","terms":[],"taxonomy":"category","extraData":[]},"publishpress_future_workflow_manual_trigger":{"enabledWorkflows":[]},"_links":{"self":[{"href":"https:\/\/bahnwelt.de\/nl\/wp-json\/wp\/v2\/posts\/19273","targetHints":{"allow":["GET"]}}],"collection":[{"href":"https:\/\/bahnwelt.de\/nl\/wp-json\/wp\/v2\/posts"}],"about":[{"href":"https:\/\/bahnwelt.de\/nl\/wp-json\/wp\/v2\/types\/post"}],"author":[{"embeddable":true,"href":"https:\/\/bahnwelt.de\/nl\/wp-json\/wp\/v2\/users\/5"}],"replies":[{"embeddable":true,"href":"https:\/\/bahnwelt.de\/nl\/wp-json\/wp\/v2\/comments?post=19273"}],"version-history":[{"count":2,"href":"https:\/\/bahnwelt.de\/nl\/wp-json\/wp\/v2\/posts\/19273\/revisions"}],"predecessor-version":[{"id":19303,"href":"https:\/\/bahnwelt.de\/nl\/wp-json\/wp\/v2\/posts\/19273\/revisions\/19303"}],"wp:featuredmedia":[{"embeddable":true,"href":"https:\/\/bahnwelt.de\/nl\/wp-json\/wp\/v2\/media\/19238"}],"wp:attachment":[{"href":"https:\/\/bahnwelt.de\/nl\/wp-json\/wp\/v2\/media?parent=19273"}],"wp:term":[{"taxonomy":"category","embeddable":true,"href":"https:\/\/bahnwelt.de\/nl\/wp-json\/wp\/v2\/categories?post=19273"},{"taxonomy":"post_tag","embeddable":true,"href":"https:\/\/bahnwelt.de\/nl\/wp-json\/wp\/v2\/tags?post=19273"}],"curies":[{"name":"wp","href":"https:\/\/api.w.org\/{rel}","templated":true}]}}